{"id":6417,"date":"2024-02-05T11:07:30","date_gmt":"2024-02-05T11:07:30","guid":{"rendered":"https:\/\/evolya.com\/uncategorized-ca\/evolya-innovacio-i-sostenibilitat-en-la-proteccio-de-cultius-una-experiencia-dexit-en-agroexpo\/"},"modified":"2024-05-21T09:07:36","modified_gmt":"2024-05-21T09:07:36","slug":"evolya-innovacio-i-sostenibilitat-en-la-proteccio-de-cultius-una-experiencia-dexit-en-agroexpo","status":"publish","type":"post","link":"https:\/\/evolya.com\/ca\/uncategorized-ca\/evolya-innovacio-i-sostenibilitat-en-la-proteccio-de-cultius-una-experiencia-dexit-en-agroexpo\/","title":{"rendered":"EVOLYA: Innovaci\u00f3 I Sostenibilitat en la Protecci\u00f3 de Cultius &#8211; Una Experi\u00e8ncia d\u2019\u00c8xit en Agroexpo"},"content":{"rendered":"\t\t<div data-elementor-type=\"wp-post\" data-elementor-id=\"6417\" class=\"elementor elementor-6417 elementor-6405\" data-elementor-post-type=\"post\">\n\t\t\t\t\t\t<section class=\"elementor-section elementor-top-section elementor-element elementor-element-d6bc9c8 elementor-section-full_width elementor-section-height-default elementor-section-height-default\" data-id=\"d6bc9c8\" data-element_type=\"section\">\n\t\t\t\t\t\t<div class=\"elementor-container elementor-column-gap-default\">\n\t\t\t\t\t<div class=\"elementor-column elementor-col-100 elementor-top-column elementor-element elementor-element-53a4e66\" data-id=\"53a4e66\" data-element_type=\"column\">\n\t\t\t<div class=\"elementor-widget-wrap elementor-element-populated\">\n\t\t\t\t\t\t<div class=\"elementor-element elementor-element-401be66 elementor-widget elementor-widget-theme-post-featured-image elementor-widget-image\" data-id=\"401be66\" data-element_type=\"widget\" data-widget_type=\"theme-post-featured-image.default\">\n\t\t\t\t<div class=\"elementor-widget-container\">\n\t\t\t\t\t\t\t\t\t\t\t\t\t\t\t<img fetchpriority=\"high\" decoding=\"async\" width=\"1600\" height=\"1200\" src=\"https:\/\/evolya.com\/wp-content\/uploads\/WhatsApp-Image-2024-01-26-at-12.38.19.jpeg\" class=\"attachment-full size-full wp-image-6408\" alt=\"\" srcset=\"https:\/\/evolya.com\/wp-content\/uploads\/WhatsApp-Image-2024-01-26-at-12.38.19.jpeg 1600w, https:\/\/evolya.com\/wp-content\/uploads\/WhatsApp-Image-2024-01-26-at-12.38.19-300x225.jpeg 300w, https:\/\/evolya.com\/wp-content\/uploads\/WhatsApp-Image-2024-01-26-at-12.38.19-1024x768.jpeg 1024w, https:\/\/evolya.com\/wp-content\/uploads\/WhatsApp-Image-2024-01-26-at-12.38.19-768x576.jpeg 768w, https:\/\/evolya.com\/wp-content\/uploads\/WhatsApp-Image-2024-01-26-at-12.38.19-1536x1152.jpeg 1536w\" sizes=\"(max-width: 1600px) 100vw, 1600px\" \/>\t\t\t\t\t\t\t\t\t\t\t\t\t\t\t<\/div>\n\t\t\t\t<\/div>\n\t\t\t\t\t<\/div>\n\t\t<\/div>\n\t\t\t\t\t<\/div>\n\t\t<\/section>\n\t\t\t\t<section class=\"elementor-section elementor-top-section elementor-element elementor-element-68d622d elementor-section-boxed elementor-section-height-default elementor-section-height-default\" data-id=\"68d622d\" data-element_type=\"section\">\n\t\t\t\t\t\t<div class=\"elementor-container elementor-column-gap-default\">\n\t\t\t\t\t<div class=\"elementor-column elementor-col-100 elementor-top-column elementor-element elementor-element-b9c8b4b\" data-id=\"b9c8b4b\" data-element_type=\"column\">\n\t\t\t<div class=\"elementor-widget-wrap elementor-element-populated\">\n\t\t\t\t\t\t<div class=\"elementor-element elementor-element-f8c855e elementor-widget elementor-widget-theme-post-title elementor-page-title elementor-widget-heading\" data-id=\"f8c855e\" data-element_type=\"widget\" data-widget_type=\"theme-post-title.default\">\n\t\t\t\t<div class=\"elementor-widget-container\">\n\t\t\t\t\t<h1 class=\"elementor-heading-title elementor-size-default\">EVOLYA: Innovaci\u00f3 I Sostenibilitat en la Protecci\u00f3 de Cultius &#8211; Una Experi\u00e8ncia d\u2019\u00c8xit en Agroexpo<\/h1>\t\t\t\t<\/div>\n\t\t\t\t<\/div>\n\t\t\t\t<div class=\"elementor-element elementor-element-b8ee787 elementor-widget elementor-widget-text-editor\" data-id=\"b8ee787\" data-element_type=\"widget\" data-widget_type=\"text-editor.default\">\n\t\t\t\t<div class=\"elementor-widget-container\">\n\t\t\t\t\t\t\t\t\t<p>La Fira Agroexpo, celebrada a Badajoz, \u00e9s un esdeveniment internacional destacat al sector de l&#8217;agricultura. Ofereix un ampli programa de jornades t\u00e8cniques, xerrades i pon\u00e8ncies, un referent en l&#8217;\u00e0mbit agr\u00edcola. La fira actua com a plataforma promocional i comercial, especialment per al mercat ib\u00e8ric, i busca enfortir la pres\u00e8ncia de professionals portuguesos i de prov\u00edncies properes a Extremadura. Inclou sectors com maquin\u00e0ria agr\u00edcola, agricultura, ind\u00fastria aliment\u00e0ria, i m\u00e9s, amb un enfocament nacional i anual.<\/p>\n<p>EVOLYA va destacar pel seu innovador enfocament a la protecci\u00f3 de cultius. Com a veter\u00e0 en el desenvolupament de sistemes antipedra, d\u2019ombreig, antipluja, i sistemes per a la recollida de figues, EVOLYA demostra el seu comprom\u00eds amb solucions personalitzades i eficaces a l&#8217;agricultura moderna.<\/p>\n\t\t\t\t\t\t\t\t<\/div>\n\t\t\t\t<\/div>\n\t\t\t\t\t<\/div>\n\t\t<\/div>\n\t\t\t\t\t<\/div>\n\t\t<\/section>\n\t\t\t\t<section class=\"elementor-section elementor-top-section elementor-element elementor-element-e0828b5 elementor-section-boxed elementor-section-height-default elementor-section-height-default\" data-id=\"e0828b5\" data-element_type=\"section\">\n\t\t\t\t\t\t<div class=\"elementor-container elementor-column-gap-default\">\n\t\t\t\t\t<div class=\"elementor-column elementor-col-100 elementor-top-column elementor-element elementor-element-105acc4\" data-id=\"105acc4\" data-element_type=\"column\">\n\t\t\t<div class=\"elementor-widget-wrap elementor-element-populated\">\n\t\t\t\t\t\t<div class=\"elementor-element elementor-element-7641d50 elementor-widget elementor-widget-heading\" data-id=\"7641d50\" data-element_type=\"widget\" data-widget_type=\"heading.default\">\n\t\t\t\t<div class=\"elementor-widget-container\">\n\t\t\t\t\t<h2 class=\"elementor-heading-title elementor-size-default\">EVOLYA a Agroexpo: <\/h2>\t\t\t\t<\/div>\n\t\t\t\t<\/div>\n\t\t\t\t\t<\/div>\n\t\t<\/div>\n\t\t\t\t\t<\/div>\n\t\t<\/section>\n\t\t\t\t<section class=\"elementor-section elementor-top-section elementor-element elementor-element-d619d77 elementor-section-boxed elementor-section-height-default elementor-section-height-default\" data-id=\"d619d77\" data-element_type=\"section\">\n\t\t\t\t\t\t<div class=\"elementor-container elementor-column-gap-default\">\n\t\t\t\t\t<div class=\"elementor-column elementor-col-100 elementor-top-column elementor-element elementor-element-db5f7c3\" data-id=\"db5f7c3\" data-element_type=\"column\">\n\t\t\t<div class=\"elementor-widget-wrap elementor-element-populated\">\n\t\t\t\t\t\t<div class=\"elementor-element elementor-element-09dc8a0 elementor-widget elementor-widget-text-editor\" data-id=\"09dc8a0\" data-element_type=\"widget\" data-widget_type=\"text-editor.default\">\n\t\t\t\t<div class=\"elementor-widget-container\">\n\t\t\t\t\t\t\t\t\t<p>Al cor de la fira, l&#8217;estand d&#8217;EVOLYA es va convertir en un punt de trobada per a professionals interessats en les darreres tecnologies de protecci\u00f3 de cultius. Amb demostracions i presentacions. EVOLYA va exhibir la seva gamma de sistemes antipedra, \u00a0d&#8217;ombreig, i solucions \u00faniques per al tutorat i tancaments de cultius. La innovadora malla o sistema per a la recollida de figues va ser una de les estrelles, atraient nombrosos visitants.<\/p>\n<p>La pres\u00e8ncia d&#8217;EVOLYA a Agroexpo tamb\u00e9 va emfatitzar la seva experi\u00e8ncia en el desenvolupament tecnol\u00f2gic i l&#8217;adaptaci\u00f3 a les canviants necessitats del mercat agr\u00edcola. A trav\u00e9s de la nostra gamma de productes, volem demostrar una profunda entesa dels desafiaments actuals a l&#8217;agricultura. L&#8217;adaptabilitat del nostre sistema de protecci\u00f3 a diversos tipus de cultius i condicions clim\u00e0tiques accentua la versatilitat i la innovaci\u00f3 d&#8217;EVOLYA al sector.<\/p>\n<p>A EVOLYA ens posicionem no nom\u00e9s com un prove\u00efdor de solucions per a la protecci\u00f3 de cultius, sin\u00f3 tamb\u00e9 com un innovador en pr\u00e0ctiques agr\u00edcoles sostenibles. L&#8217;experi\u00e8ncia a Agroexpo refor\u00e7a la missi\u00f3 de contribuir a una agricultura m\u00e9s eficient i respectuosa amb el medi ambient.<\/p>\n\t\t\t\t\t\t\t\t<\/div>\n\t\t\t\t<\/div>\n\t\t\t\t\t<\/div>\n\t\t<\/div>\n\t\t\t\t\t<\/div>\n\t\t<\/section>\n\t\t\t\t<section class=\"elementor-section elementor-top-section elementor-element elementor-element-252692f elementor-section-boxed elementor-section-height-default elementor-section-height-default\" data-id=\"252692f\" data-element_type=\"section\">\n\t\t\t\t\t\t<div class=\"elementor-container elementor-column-gap-default\">\n\t\t\t\t\t<div class=\"elementor-column elementor-col-100 elementor-top-column elementor-element elementor-element-7d00c39\" data-id=\"7d00c39\" data-element_type=\"column\">\n\t\t\t<div class=\"elementor-widget-wrap elementor-element-populated\">\n\t\t\t\t\t\t<div class=\"elementor-element elementor-element-d82f80d elementor-widget elementor-widget-text-editor\" data-id=\"d82f80d\" data-element_type=\"widget\" data-widget_type=\"text-editor.default\">\n\t\t\t\t<div class=\"elementor-widget-container\">\n\t\t\t\t\t\t\t\t\t<strong>A punt per portar la protecci\u00f3 dels teus cultius al seg\u00fcent nivell? <\/strong> No dubtis a contactar-nos. El nostre equip d&#8217;experts est\u00e0 a la teva disposici\u00f3 per assessorar-te i oferir-te les millors solucions adaptades a les teves necessitats.\r\n<ul style=\"list-style: none;\">\r\n \t<li>\ud83d\udce7 Email: <a style=\"color: blue;\" href=\"mailto:evolya@evolya.com\">evolya@evolya.com<\/a><\/li>\r\n \t<li>\ud83d\udcde Tel\u00e8fon: <a style=\"color: blue;\" href=\"tel:+34973751800\">(+34) 973 75 18 00<\/a><\/li>\r\n<\/ul>\r\nVisita la nostra p\u00e0gina web per a m\u00e9s informaci\u00f3 i veure exemples dels nostres projectes anteriors. Som aqu\u00ed per ajudar-te a assegurar un futur pr\u00f2sper i sostenible per a la teva agricultura.\t\t\t\t\t\t\t\t<\/div>\n\t\t\t\t<\/div>\n\t\t\t\t\t<\/div>\n\t\t<\/div>\n\t\t\t\t\t<\/div>\n\t\t<\/section>\n\t\t\t\t<\/div>\n\t\t","protected":false},"excerpt":{"rendered":"<p>La Fira Agroexpo, celebrada a Badajoz, \u00e9s un esdeveniment internacional destacat al sector de l&#8217;agricultura. Ofereix un ampli programa de jornades t\u00e8cniques, xerrades i pon\u00e8ncies, un referent en l&#8217;\u00e0mbit agr\u00edcola. La fira actua com a plataforma promocional i comercial, especialment per al mercat ib\u00e8ric, i busca enfortir la pres\u00e8ncia de professionals portuguesos i de prov\u00edncies [&hellip;]<\/p>\n","protected":false},"author":1,"featured_media":6408,"comment_status":"closed","ping_status":"closed","sticky":false,"template":"elementor_header_footer","format":"standard","meta":{"footnotes":""},"categories":[9],"tags":[],"class_list":["post-6417","post","type-post","status-publish","format-standard","has-post-thumbnail","hentry","category-uncategorized-ca"],"yoast_head":"<!-- This site is optimized with the Yoast SEO plugin v24.3 - https:\/\/yoast.com\/wordpress\/plugins\/seo\/ -->\n<title>EVOLYA: Innovaci\u00f3 I Sostenibilitat en la Protecci\u00f3 de Cultius - Una Experi\u00e8ncia d\u2019\u00c8xit en Agroexpo - Evolya<\/title>\n<meta name=\"robots\" content=\"index, follow, max-snippet:-1, max-image-preview:large, max-video-preview:-1\" \/>\n<link rel=\"canonical\" href=\"https:\/\/evolya.com\/sin-categorizar\/evolya-innovacion-y-sostenibilidad-en-la-proteccion-de-cultivos-una-experiencia-exitosa-en-agroexpo\/\" \/>\n<meta property=\"og:locale\" content=\"ca_ES\" \/>\n<meta property=\"og:type\" content=\"article\" \/>\n<meta property=\"og:title\" content=\"EVOLYA: Innovaci\u00f3 I Sostenibilitat en la Protecci\u00f3 de Cultius - Una Experi\u00e8ncia d\u2019\u00c8xit en Agroexpo - Evolya\" \/>\n<meta property=\"og:description\" content=\"La Fira Agroexpo, celebrada a Badajoz, \u00e9s un esdeveniment internacional destacat al sector de l&#8217;agricultura. Ofereix un ampli programa de jornades t\u00e8cniques, xerrades i pon\u00e8ncies, un referent en l&#8217;\u00e0mbit agr\u00edcola. La fira actua com a plataforma promocional i comercial, especialment per al mercat ib\u00e8ric, i busca enfortir la pres\u00e8ncia de professionals portuguesos i de prov\u00edncies [&hellip;]\" \/>\n<meta property=\"og:url\" content=\"https:\/\/evolya.com\/sin-categorizar\/evolya-innovacion-y-sostenibilidad-en-la-proteccion-de-cultivos-una-experiencia-exitosa-en-agroexpo\/\" \/>\n<meta property=\"og:site_name\" content=\"Evolya\" \/>\n<meta property=\"article:published_time\" content=\"2024-02-05T11:07:30+00:00\" \/>\n<meta property=\"article:modified_time\" content=\"2024-05-21T09:07:36+00:00\" \/>\n<meta property=\"og:image\" content=\"https:\/\/evolya.com\/wp-content\/uploads\/WhatsApp-Image-2024-01-26-at-12.38.19.jpeg\" \/>\n\t<meta property=\"og:image:width\" content=\"1600\" \/>\n\t<meta property=\"og:image:height\" content=\"1200\" \/>\n\t<meta property=\"og:image:type\" content=\"image\/jpeg\" \/>\n<meta name=\"author\" content=\"wp_user_evolya\" \/>\n<meta name=\"twitter:card\" content=\"summary_large_image\" \/>\n<meta name=\"twitter:label1\" content=\"Escrit per\" \/>\n\t<meta name=\"twitter:data1\" content=\"wp_user_evolya\" \/>\n\t<meta name=\"twitter:label2\" content=\"Temps estimat de lectura\" \/>\n\t<meta name=\"twitter:data2\" content=\"2 minuts\" \/>\n<script type=\"application\/ld+json\" class=\"yoast-schema-graph\">{\"@context\":\"https:\/\/schema.org\",\"@graph\":[{\"@type\":\"Article\",\"@id\":\"https:\/\/evolya.com\/sin-categorizar\/evolya-innovacion-y-sostenibilidad-en-la-proteccion-de-cultivos-una-experiencia-exitosa-en-agroexpo\/#article\",\"isPartOf\":{\"@id\":\"https:\/\/evolya.com\/sin-categorizar\/evolya-innovacion-y-sostenibilidad-en-la-proteccion-de-cultivos-una-experiencia-exitosa-en-agroexpo\/\"},\"author\":{\"name\":\"wp_user_evolya\",\"@id\":\"https:\/\/evolya.com\/#\/schema\/person\/e1b046e666b233b8e7415d19eaa0c305\"},\"headline\":\"EVOLYA: Innovaci\u00f3 I Sostenibilitat en la Protecci\u00f3 de Cultius &#8211; Una Experi\u00e8ncia d\u2019\u00c8xit en Agroexpo\",\"datePublished\":\"2024-02-05T11:07:30+00:00\",\"dateModified\":\"2024-05-21T09:07:36+00:00\",\"mainEntityOfPage\":{\"@id\":\"https:\/\/evolya.com\/sin-categorizar\/evolya-innovacion-y-sostenibilidad-en-la-proteccion-de-cultivos-una-experiencia-exitosa-en-agroexpo\/\"},\"wordCount\":425,\"publisher\":{\"@id\":\"https:\/\/evolya.com\/#organization\"},\"image\":{\"@id\":\"https:\/\/evolya.com\/sin-categorizar\/evolya-innovacion-y-sostenibilidad-en-la-proteccion-de-cultivos-una-experiencia-exitosa-en-agroexpo\/#primaryimage\"},\"thumbnailUrl\":\"https:\/\/evolya.com\/wp-content\/uploads\/WhatsApp-Image-2024-01-26-at-12.38.19.jpeg\",\"articleSection\":[\"Uncategorized @ca\"],\"inLanguage\":\"ca\"},{\"@type\":\"WebPage\",\"@id\":\"https:\/\/evolya.com\/sin-categorizar\/evolya-innovacion-y-sostenibilidad-en-la-proteccion-de-cultivos-una-experiencia-exitosa-en-agroexpo\/\",\"url\":\"https:\/\/evolya.com\/sin-categorizar\/evolya-innovacion-y-sostenibilidad-en-la-proteccion-de-cultivos-una-experiencia-exitosa-en-agroexpo\/\",\"name\":\"EVOLYA: Innovaci\u00f3 I Sostenibilitat en la Protecci\u00f3 de Cultius - Una Experi\u00e8ncia d\u2019\u00c8xit en Agroexpo - Evolya\",\"isPartOf\":{\"@id\":\"https:\/\/evolya.com\/#website\"},\"primaryImageOfPage\":{\"@id\":\"https:\/\/evolya.com\/sin-categorizar\/evolya-innovacion-y-sostenibilidad-en-la-proteccion-de-cultivos-una-experiencia-exitosa-en-agroexpo\/#primaryimage\"},\"image\":{\"@id\":\"https:\/\/evolya.com\/sin-categorizar\/evolya-innovacion-y-sostenibilidad-en-la-proteccion-de-cultivos-una-experiencia-exitosa-en-agroexpo\/#primaryimage\"},\"thumbnailUrl\":\"https:\/\/evolya.com\/wp-content\/uploads\/WhatsApp-Image-2024-01-26-at-12.38.19.jpeg\",\"datePublished\":\"2024-02-05T11:07:30+00:00\",\"dateModified\":\"2024-05-21T09:07:36+00:00\",\"breadcrumb\":{\"@id\":\"https:\/\/evolya.com\/sin-categorizar\/evolya-innovacion-y-sostenibilidad-en-la-proteccion-de-cultivos-una-experiencia-exitosa-en-agroexpo\/#breadcrumb\"},\"inLanguage\":\"ca\",\"potentialAction\":[{\"@type\":\"ReadAction\",\"target\":[\"https:\/\/evolya.com\/sin-categorizar\/evolya-innovacion-y-sostenibilidad-en-la-proteccion-de-cultivos-una-experiencia-exitosa-en-agroexpo\/\"]}]},{\"@type\":\"ImageObject\",\"inLanguage\":\"ca\",\"@id\":\"https:\/\/evolya.com\/sin-categorizar\/evolya-innovacion-y-sostenibilidad-en-la-proteccion-de-cultivos-una-experiencia-exitosa-en-agroexpo\/#primaryimage\",\"url\":\"https:\/\/evolya.com\/wp-content\/uploads\/WhatsApp-Image-2024-01-26-at-12.38.19.jpeg\",\"contentUrl\":\"https:\/\/evolya.com\/wp-content\/uploads\/WhatsApp-Image-2024-01-26-at-12.38.19.jpeg\",\"width\":1600,\"height\":1200},{\"@type\":\"BreadcrumbList\",\"@id\":\"https:\/\/evolya.com\/sin-categorizar\/evolya-innovacion-y-sostenibilidad-en-la-proteccion-de-cultivos-una-experiencia-exitosa-en-agroexpo\/#breadcrumb\",\"itemListElement\":[{\"@type\":\"ListItem\",\"position\":1,\"name\":\"Portada\",\"item\":\"https:\/\/evolya.com\/error-404\/\"},{\"@type\":\"ListItem\",\"position\":2,\"name\":\"EVOLYA: Innovaci\u00f3 I Sostenibilitat en la Protecci\u00f3 de Cultius &#8211; Una Experi\u00e8ncia d\u2019\u00c8xit en Agroexpo\"}]},{\"@type\":\"WebSite\",\"@id\":\"https:\/\/evolya.com\/#website\",\"url\":\"https:\/\/evolya.com\/\",\"name\":\"Evolya\",\"description\":\"Evoluci\u00f3n y agricultura\",\"publisher\":{\"@id\":\"https:\/\/evolya.com\/#organization\"},\"potentialAction\":[{\"@type\":\"SearchAction\",\"target\":{\"@type\":\"EntryPoint\",\"urlTemplate\":\"https:\/\/evolya.com\/?s={search_term_string}\"},\"query-input\":{\"@type\":\"PropertyValueSpecification\",\"valueRequired\":true,\"valueName\":\"search_term_string\"}}],\"inLanguage\":\"ca\"},{\"@type\":\"Organization\",\"@id\":\"https:\/\/evolya.com\/#organization\",\"name\":\"Evolya\",\"url\":\"https:\/\/evolya.com\/\",\"logo\":{\"@type\":\"ImageObject\",\"inLanguage\":\"ca\",\"@id\":\"https:\/\/evolya.com\/#\/schema\/logo\/image\/\",\"url\":\"https:\/\/evolya.com\/wp-content\/uploads\/logo-header.jpg\",\"contentUrl\":\"https:\/\/evolya.com\/wp-content\/uploads\/logo-header.jpg\",\"width\":186,\"height\":58,\"caption\":\"Evolya\"},\"image\":{\"@id\":\"https:\/\/evolya.com\/#\/schema\/logo\/image\/\"}},{\"@type\":\"Person\",\"@id\":\"https:\/\/evolya.com\/#\/schema\/person\/e1b046e666b233b8e7415d19eaa0c305\",\"name\":\"wp_user_evolya\",\"image\":{\"@type\":\"ImageObject\",\"inLanguage\":\"ca\",\"@id\":\"https:\/\/evolya.com\/#\/schema\/person\/image\/\",\"url\":\"https:\/\/secure.gravatar.com\/avatar\/aef86abf812645846e7e78f3258d7ea2d4e6e42d470aa2c868b79ba49f94b1e1?s=96&d=mm&r=g\",\"contentUrl\":\"https:\/\/secure.gravatar.com\/avatar\/aef86abf812645846e7e78f3258d7ea2d4e6e42d470aa2c868b79ba49f94b1e1?s=96&d=mm&r=g\",\"caption\":\"wp_user_evolya\"},\"sameAs\":[\"http:\/\/dmn139.ipmarketing.grn.es\"]}]}<\/script>\n<!-- \/ Yoast SEO plugin. -->","yoast_head_json":{"title":"EVOLYA: Innovaci\u00f3 I Sostenibilitat en la Protecci\u00f3 de Cultius - Una Experi\u00e8ncia d\u2019\u00c8xit en Agroexpo - Evolya","robots":{"index":"index","follow":"follow","max-snippet":"max-snippet:-1","max-image-preview":"max-image-preview:large","max-video-preview":"max-video-preview:-1"},"canonical":"https:\/\/evolya.com\/sin-categorizar\/evolya-innovacion-y-sostenibilidad-en-la-proteccion-de-cultivos-una-experiencia-exitosa-en-agroexpo\/","og_locale":"ca_ES","og_type":"article","og_title":"EVOLYA: Innovaci\u00f3 I Sostenibilitat en la Protecci\u00f3 de Cultius - Una Experi\u00e8ncia d\u2019\u00c8xit en Agroexpo - Evolya","og_description":"La Fira Agroexpo, celebrada a Badajoz, \u00e9s un esdeveniment internacional destacat al sector de l&#8217;agricultura. Ofereix un ampli programa de jornades t\u00e8cniques, xerrades i pon\u00e8ncies, un referent en l&#8217;\u00e0mbit agr\u00edcola. La fira actua com a plataforma promocional i comercial, especialment per al mercat ib\u00e8ric, i busca enfortir la pres\u00e8ncia de professionals portuguesos i de prov\u00edncies [&hellip;]","og_url":"https:\/\/evolya.com\/sin-categorizar\/evolya-innovacion-y-sostenibilidad-en-la-proteccion-de-cultivos-una-experiencia-exitosa-en-agroexpo\/","og_site_name":"Evolya","article_published_time":"2024-02-05T11:07:30+00:00","article_modified_time":"2024-05-21T09:07:36+00:00","og_image":[{"width":1600,"height":1200,"url":"https:\/\/evolya.com\/wp-content\/uploads\/WhatsApp-Image-2024-01-26-at-12.38.19.jpeg","type":"image\/jpeg"}],"author":"wp_user_evolya","twitter_card":"summary_large_image","twitter_misc":{"Escrit per":"wp_user_evolya","Temps estimat de lectura":"2 minuts"},"schema":{"@context":"https:\/\/schema.org","@graph":[{"@type":"Article","@id":"https:\/\/evolya.com\/sin-categorizar\/evolya-innovacion-y-sostenibilidad-en-la-proteccion-de-cultivos-una-experiencia-exitosa-en-agroexpo\/#article","isPartOf":{"@id":"https:\/\/evolya.com\/sin-categorizar\/evolya-innovacion-y-sostenibilidad-en-la-proteccion-de-cultivos-una-experiencia-exitosa-en-agroexpo\/"},"author":{"name":"wp_user_evolya","@id":"https:\/\/evolya.com\/#\/schema\/person\/e1b046e666b233b8e7415d19eaa0c305"},"headline":"EVOLYA: Innovaci\u00f3 I Sostenibilitat en la Protecci\u00f3 de Cultius &#8211; Una Experi\u00e8ncia d\u2019\u00c8xit en Agroexpo","datePublished":"2024-02-05T11:07:30+00:00","dateModified":"2024-05-21T09:07:36+00:00","mainEntityOfPage":{"@id":"https:\/\/evolya.com\/sin-categorizar\/evolya-innovacion-y-sostenibilidad-en-la-proteccion-de-cultivos-una-experiencia-exitosa-en-agroexpo\/"},"wordCount":425,"publisher":{"@id":"https:\/\/evolya.com\/#organization"},"image":{"@id":"https:\/\/evolya.com\/sin-categorizar\/evolya-innovacion-y-sostenibilidad-en-la-proteccion-de-cultivos-una-experiencia-exitosa-en-agroexpo\/#primaryimage"},"thumbnailUrl":"https:\/\/evolya.com\/wp-content\/uploads\/WhatsApp-Image-2024-01-26-at-12.38.19.jpeg","articleSection":["Uncategorized @ca"],"inLanguage":"ca"},{"@type":"WebPage","@id":"https:\/\/evolya.com\/sin-categorizar\/evolya-innovacion-y-sostenibilidad-en-la-proteccion-de-cultivos-una-experiencia-exitosa-en-agroexpo\/","url":"https:\/\/evolya.com\/sin-categorizar\/evolya-innovacion-y-sostenibilidad-en-la-proteccion-de-cultivos-una-experiencia-exitosa-en-agroexpo\/","name":"EVOLYA: Innovaci\u00f3 I Sostenibilitat en la Protecci\u00f3 de Cultius - Una Experi\u00e8ncia d\u2019\u00c8xit en Agroexpo - Evolya","isPartOf":{"@id":"https:\/\/evolya.com\/#website"},"primaryImageOfPage":{"@id":"https:\/\/evolya.com\/sin-categorizar\/evolya-innovacion-y-sostenibilidad-en-la-proteccion-de-cultivos-una-experiencia-exitosa-en-agroexpo\/#primaryimage"},"image":{"@id":"https:\/\/evolya.com\/sin-categorizar\/evolya-innovacion-y-sostenibilidad-en-la-proteccion-de-cultivos-una-experiencia-exitosa-en-agroexpo\/#primaryimage"},"thumbnailUrl":"https:\/\/evolya.com\/wp-content\/uploads\/WhatsApp-Image-2024-01-26-at-12.38.19.jpeg","datePublished":"2024-02-05T11:07:30+00:00","dateModified":"2024-05-21T09:07:36+00:00","breadcrumb":{"@id":"https:\/\/evolya.com\/sin-categorizar\/evolya-innovacion-y-sostenibilidad-en-la-proteccion-de-cultivos-una-experiencia-exitosa-en-agroexpo\/#breadcrumb"},"inLanguage":"ca","potentialAction":[{"@type":"ReadAction","target":["https:\/\/evolya.com\/sin-categorizar\/evolya-innovacion-y-sostenibilidad-en-la-proteccion-de-cultivos-una-experiencia-exitosa-en-agroexpo\/"]}]},{"@type":"ImageObject","inLanguage":"ca","@id":"https:\/\/evolya.com\/sin-categorizar\/evolya-innovacion-y-sostenibilidad-en-la-proteccion-de-cultivos-una-experiencia-exitosa-en-agroexpo\/#primaryimage","url":"https:\/\/evolya.com\/wp-content\/uploads\/WhatsApp-Image-2024-01-26-at-12.38.19.jpeg","contentUrl":"https:\/\/evolya.com\/wp-content\/uploads\/WhatsApp-Image-2024-01-26-at-12.38.19.jpeg","width":1600,"height":1200},{"@type":"BreadcrumbList","@id":"https:\/\/evolya.com\/sin-categorizar\/evolya-innovacion-y-sostenibilidad-en-la-proteccion-de-cultivos-una-experiencia-exitosa-en-agroexpo\/#breadcrumb","itemListElement":[{"@type":"ListItem","position":1,"name":"Portada","item":"https:\/\/evolya.com\/error-404\/"},{"@type":"ListItem","position":2,"name":"EVOLYA: Innovaci\u00f3 I Sostenibilitat en la Protecci\u00f3 de Cultius &#8211; Una Experi\u00e8ncia d\u2019\u00c8xit en Agroexpo"}]},{"@type":"WebSite","@id":"https:\/\/evolya.com\/#website","url":"https:\/\/evolya.com\/","name":"Evolya","description":"Evoluci\u00f3n y agricultura","publisher":{"@id":"https:\/\/evolya.com\/#organization"},"potentialAction":[{"@type":"SearchAction","target":{"@type":"EntryPoint","urlTemplate":"https:\/\/evolya.com\/?s={search_term_string}"},"query-input":{"@type":"PropertyValueSpecification","valueRequired":true,"valueName":"search_term_string"}}],"inLanguage":"ca"},{"@type":"Organization","@id":"https:\/\/evolya.com\/#organization","name":"Evolya","url":"https:\/\/evolya.com\/","logo":{"@type":"ImageObject","inLanguage":"ca","@id":"https:\/\/evolya.com\/#\/schema\/logo\/image\/","url":"https:\/\/evolya.com\/wp-content\/uploads\/logo-header.jpg","contentUrl":"https:\/\/evolya.com\/wp-content\/uploads\/logo-header.jpg","width":186,"height":58,"caption":"Evolya"},"image":{"@id":"https:\/\/evolya.com\/#\/schema\/logo\/image\/"}},{"@type":"Person","@id":"https:\/\/evolya.com\/#\/schema\/person\/e1b046e666b233b8e7415d19eaa0c305","name":"wp_user_evolya","image":{"@type":"ImageObject","inLanguage":"ca","@id":"https:\/\/evolya.com\/#\/schema\/person\/image\/","url":"https:\/\/secure.gravatar.com\/avatar\/aef86abf812645846e7e78f3258d7ea2d4e6e42d470aa2c868b79ba49f94b1e1?s=96&d=mm&r=g","contentUrl":"https:\/\/secure.gravatar.com\/avatar\/aef86abf812645846e7e78f3258d7ea2d4e6e42d470aa2c868b79ba49f94b1e1?s=96&d=mm&r=g","caption":"wp_user_evolya"},"sameAs":["http:\/\/dmn139.ipmarketing.grn.es"]}]}},"_links":{"self":[{"href":"https:\/\/evolya.com\/ca\/wp-json\/wp\/v2\/posts\/6417","targetHints":{"allow":["GET"]}}],"collection":[{"href":"https:\/\/evolya.com\/ca\/wp-json\/wp\/v2\/posts"}],"about":[{"href":"https:\/\/evolya.com\/ca\/wp-json\/wp\/v2\/types\/post"}],"author":[{"embeddable":true,"href":"https:\/\/evolya.com\/ca\/wp-json\/wp\/v2\/users\/1"}],"replies":[{"embeddable":true,"href":"https:\/\/evolya.com\/ca\/wp-json\/wp\/v2\/comments?post=6417"}],"version-history":[{"count":0,"href":"https:\/\/evolya.com\/ca\/wp-json\/wp\/v2\/posts\/6417\/revisions"}],"wp:featuredmedia":[{"embeddable":true,"href":"https:\/\/evolya.com\/ca\/wp-json\/wp\/v2\/media\/6408"}],"wp:attachment":[{"href":"https:\/\/evolya.com\/ca\/wp-json\/wp\/v2\/media?parent=6417"}],"wp:term":[{"taxonomy":"category","embeddable":true,"href":"https:\/\/evolya.com\/ca\/wp-json\/wp\/v2\/categories?post=6417"},{"taxonomy":"post_tag","embeddable":true,"href":"https:\/\/evolya.com\/ca\/wp-json\/wp\/v2\/tags?post=6417"}],"curies":[{"name":"wp","href":"https:\/\/api.w.org\/{rel}","templated":true}]}}