{"id":6327,"date":"2023-07-13T07:53:34","date_gmt":"2023-07-13T07:53:34","guid":{"rendered":"https:\/\/evolya.com\/uncategorized-ca\/com-saber-quina-es-la-millor-xarxa-per-protegir-el-teu-cultiu\/"},"modified":"2024-01-11T11:17:26","modified_gmt":"2024-01-11T11:17:26","slug":"com-saber-quina-es-la-millor-xarxa-per-protegir-el-teu-cultiu","status":"publish","type":"post","link":"https:\/\/evolya.com\/ca\/uncategorized-ca\/com-saber-quina-es-la-millor-xarxa-per-protegir-el-teu-cultiu\/","title":{"rendered":"EL VENT POT SER TANT EL TEU ALIAT COM UN ENEMIC."},"content":{"rendered":"\t\t<div data-elementor-type=\"wp-post\" data-elementor-id=\"6327\" class=\"elementor elementor-6327 elementor-6302\" data-elementor-post-type=\"post\">\n\t\t\t\t\t\t<section class=\"elementor-section elementor-top-section elementor-element elementor-element-d6bc9c8 elementor-section-full_width elementor-section-height-default elementor-section-height-default\" data-id=\"d6bc9c8\" data-element_type=\"section\">\n\t\t\t\t\t\t<div class=\"elementor-container elementor-column-gap-default\">\n\t\t\t\t\t<div class=\"elementor-column elementor-col-100 elementor-top-column elementor-element elementor-element-53a4e66\" data-id=\"53a4e66\" data-element_type=\"column\">\n\t\t\t<div class=\"elementor-widget-wrap elementor-element-populated\">\n\t\t\t\t\t\t<div class=\"elementor-element elementor-element-9760da1 elementor-widget elementor-widget-image\" data-id=\"9760da1\" data-element_type=\"widget\" data-widget_type=\"image.default\">\n\t\t\t\t<div class=\"elementor-widget-container\">\n\t\t\t\t\t\t\t\t\t\t\t\t\t\t\t<img fetchpriority=\"high\" decoding=\"async\" width=\"1536\" height=\"2048\" src=\"https:\/\/evolya.com\/wp-content\/uploads\/0d2aee79-1c4f-4107-8024-56d86f96899d.jpg\" class=\"attachment-full size-full wp-image-6362\" alt=\"\" srcset=\"https:\/\/evolya.com\/wp-content\/uploads\/0d2aee79-1c4f-4107-8024-56d86f96899d.jpg 1536w, https:\/\/evolya.com\/wp-content\/uploads\/0d2aee79-1c4f-4107-8024-56d86f96899d-225x300.jpg 225w, https:\/\/evolya.com\/wp-content\/uploads\/0d2aee79-1c4f-4107-8024-56d86f96899d-768x1024.jpg 768w, https:\/\/evolya.com\/wp-content\/uploads\/0d2aee79-1c4f-4107-8024-56d86f96899d-1152x1536.jpg 1152w\" sizes=\"(max-width: 1536px) 100vw, 1536px\" \/>\t\t\t\t\t\t\t\t\t\t\t\t\t\t\t<\/div>\n\t\t\t\t<\/div>\n\t\t\t\t\t<\/div>\n\t\t<\/div>\n\t\t\t\t\t<\/div>\n\t\t<\/section>\n\t\t\t\t<section class=\"elementor-section elementor-top-section elementor-element elementor-element-68d622d elementor-section-boxed elementor-section-height-default elementor-section-height-default\" data-id=\"68d622d\" data-element_type=\"section\">\n\t\t\t\t\t\t<div class=\"elementor-container elementor-column-gap-default\">\n\t\t\t\t\t<div class=\"elementor-column elementor-col-100 elementor-top-column elementor-element elementor-element-b9c8b4b\" data-id=\"b9c8b4b\" data-element_type=\"column\">\n\t\t\t<div class=\"elementor-widget-wrap elementor-element-populated\">\n\t\t\t\t\t\t<div class=\"elementor-element elementor-element-f8c855e elementor-widget elementor-widget-theme-post-title elementor-page-title elementor-widget-heading\" data-id=\"f8c855e\" data-element_type=\"widget\" data-widget_type=\"theme-post-title.default\">\n\t\t\t\t<div class=\"elementor-widget-container\">\n\t\t\t\t\t<h1 class=\"elementor-heading-title elementor-size-default\">EL VENT POT SER TANT EL TEU ALIAT COM UN ENEMIC.<\/h1>\t\t\t\t<\/div>\n\t\t\t\t<\/div>\n\t\t\t\t<div class=\"elementor-element elementor-element-b8ee787 elementor-widget elementor-widget-text-editor\" data-id=\"b8ee787\" data-element_type=\"widget\" data-widget_type=\"text-editor.default\">\n\t\t\t\t<div class=\"elementor-widget-container\">\n\t\t\t\t\t\t\t\t\t<p class=\"MsoNormal\" style=\"text-align: justify;\"><b><span lang=\"CA\" style=\"font-size: 14.0pt; line-height: 107%;\">Protegint els teus Cultius del Vent amb Pantalles Tallavents<\/span><\/b><b><\/b><\/p>\n<p class=\"MsoNormal\" style=\"text-align: justify;\"><span style=\"font-size: 12.0pt; line-height: 107%; mso-ansi-language: ES;\">Quan es tracta de lagricultura, el vent pot ser tant un aliat com un enemic. Encara que \u00e9s essencial per a la pol\u00b7linitzaci\u00f3 i la ventilaci\u00f3 dels cultius, el vent fort pot causar estralls a la teva plantaci\u00f3. Els vents forts poden dessecar el terra, trencar branques i fulles, danyar fruits en creixement i propagar plagues i malalties. \u00c9s aqu\u00ed on les pantalles paravents entren en joc com una soluci\u00f3 efectiva per protegir els teus cultius.<\/span><\/p>\n<p class=\"MsoNormal\" style=\"text-align: justify;\"><b><span style=\"font-size: 14.0pt; line-height: 107%; mso-ansi-language: ES;\">Qu\u00e8 s\u00f3n les Pantalles Tallavents?<\/span><\/b><\/p>\n<p class=\"MsoNormal\" style=\"text-align: justify;\"><span style=\"font-size: 12.0pt; line-height: 107%; mso-ansi-language: ES;\">Les pantalles paravents s\u00f3n barreres f\u00edsiques dissenyades per reduir la velocitat del vent a les \u00e0rees agr\u00edcoles. Estan compostes generalment per una s\u00e8rie de panells, sovint de fusta, pl\u00e0stic o malla d&#8217;ombreig, col\u00b7locats al voltant dels camps o horts. Aquestes pantalles no nom\u00e9s ajuden a protegir els cultius, sin\u00f3 que tamb\u00e9 poden tenir un impacte positiu en el rendiment general de la teva producci\u00f3.<br \/>\n<\/span><\/p>\n<p class=\"MsoNormal\" style=\"text-align: justify;\"><b><span style=\"font-size: 14.0pt; line-height: 107%; mso-ansi-language: ES;\">Beneficis de les Pantalles Paravents:<\/span><\/b><\/p>\n<ol style=\"margin-top: 0cm;\" start=\"1\" type=\"1\">\n<li class=\"MsoNormal\" style=\"text-align: justify; mso-list: l0 level1 lfo1; tab-stops: list 36.0pt;\"><b><span style=\"font-size: 12.0pt; line-height: 107%; mso-ansi-language: ES;\">Protecci\u00f3 contra el vent:<\/span><\/b><span style=\"font-size: 12.0pt; line-height: 107%; mso-ansi-language: ES;\"> El benefici m\u00e9s obvi de les pantalles paravents \u00e9s la seva capacitat per reduir la velocitat del vent. Aix\u00f2 disminueix el risc de danys a les plantes ia les estructures properes.<\/span><\/li>\n<li class=\"MsoNormal\" style=\"text-align: justify; mso-list: l0 level1 lfo1; tab-stops: list 36.0pt;\"><b><span style=\"font-size: 12.0pt; line-height: 107%; mso-ansi-language: ES;\">Reducci\u00f3 de la p\u00e8rdua d&#8217;humitat:<\/span><\/b><span style=\"font-size: 12.0pt; line-height: 107%; mso-ansi-language: ES;\"> El vent fort pot evaporar la humitat del terra r\u00e0pidament. Les pantalles paravents actuen com a barreres que redueixen l&#8217;evaporaci\u00f3, ajudant a conservar l&#8217;aigua i mantenir una humitat \u00f2ptima a terra.<\/span><\/li>\n<li class=\"MsoNormal\" style=\"text-align: justify; mso-list: l0 level1 lfo1; tab-stops: list 36.0pt;\"><b><span style=\"font-size: 12.0pt; line-height: 107%; mso-ansi-language: ES;\">Millora de la qualitat dels cultius:<\/span><\/b><span style=\"font-size: 12.0pt; line-height: 107%; mso-ansi-language: ES;\"> En reduir l&#8217;estr\u00e8s causat pel vent, les pantalles paravents poden millorar la qualitat dels fruits i vegetals en prevenir deformitats i danys.<\/span><\/li>\n<li class=\"MsoNormal\" style=\"text-align: justify; mso-list: l0 level1 lfo1; tab-stops: list 36.0pt;\"><b><span style=\"font-size: 12.0pt; line-height: 107%; mso-ansi-language: ES;\">Augment de la temperatura:<\/span><\/b><span style=\"font-size: 12.0pt; line-height: 107%; mso-ansi-language: ES;\">En reduir la velocitat del vent, les pantalles paravents tamb\u00e9 poden elevar la temperatura al voltant dels teus cultius, cosa que \u00e9s benefici\u00f3s en climes freds o durant les estacions fredes.<\/span><\/li>\n<li class=\"MsoNormal\" style=\"text-align: justify; mso-list: l0 level1 lfo1; tab-stops: list 36.0pt;\"><b><span style=\"font-size: 12.0pt; line-height: 107%; mso-ansi-language: ES;\">Protecci\u00f3 contra plagues i malalties:<\/span><\/b><span style=\"font-size: 12.0pt; line-height: 107%; mso-ansi-language: ES;\"> El vent pot transportar insectes i espores de malalties als teus cultius. Les pantalles paravents actuen com a barrera f\u00edsica que dificulta l&#8217;acc\u00e9s d&#8217;aquests agents nocius.<\/span><\/li>\n<\/ol>\n<p class=\"MsoNormal\" style=\"margin-left: 36.0pt; text-align: justify;\"><b><span style=\"font-size: 12.0pt; line-height: 107%; mso-ansi-language: ES;\">\u00a0<\/span><\/b><\/p>\n<p class=\"MsoNormal\" style=\"margin-left: 36.0pt; text-align: justify;\"><span style=\"font-size: 12.0pt; line-height: 107%; mso-ansi-language: ES;\">\u00a0<\/span><\/p>\n<p class=\"MsoNormal\" style=\"text-align: justify;\"><span lang=\"CA\" style=\"font-size: 12.0pt; line-height: 107%;\">A EVOLYA, entenem que cada projecte agr\u00edcola \u00e9s \u00fanic i requereix solucions a mida per garantir el m\u00e0xim rendiment i protecci\u00f3 dels teus cultius. \u00c9s per aix\u00f2 que ens enorgulleix oferir serveis d&#8217;instal\u00b7laci\u00f3 personalitzada de pantalles paravents que s&#8217;adapten perfectament a les necessitats espec\u00edfiques.<\/span><\/p>\n<p class=\"MsoNormal\" style=\"text-align: justify;\"><span lang=\"CA\" style=\"font-size: 12.0pt; line-height: 107%;\">El nostre equip d\u00b4experts en agricultura i tecnologia est\u00e0 comprom\u00e8s a treballar amb tu des del primer pas. Des de l&#8217;avaluaci\u00f3 inicial del lloc fins a la planificaci\u00f3 i disseny de les pantalles paravents, estem aqu\u00ed per garantir que cada detall s&#8217;ajusti als vostres requeriments i condicions particulars.<\/span><\/p>\n<p class=\"MsoNormal\" style=\"margin-left: 18.0pt; text-align: justify;\"><span style=\"font-size: 12.0pt; line-height: 107%; mso-ansi-language: ES;\">\u00a0<\/span><\/p>\n<p class=\"MsoNormal\" style=\"text-align: justify;\"><b><span style=\"font-size: 12.0pt; line-height: 107%; mso-ansi-language: ES;\">En triar EVOLYA per a la instal\u00b7laci\u00f3 personalitzada de les teves pantalles paravents, pots esperar:<\/span><\/b><\/p>\n<ol style=\"margin-top: 0cm;\" start=\"1\" type=\"1\">\n<li class=\"MsoNormal\" style=\"text-align: justify; mso-list: l1 level1 lfo2; tab-stops: list 36.0pt;\"><b><span style=\"font-size: 12.0pt; line-height: 107%; mso-ansi-language: ES;\">Avaluaci\u00f3 Professional:<\/span><\/b><span style=\"font-size: 12.0pt; line-height: 107%; mso-ansi-language: ES;\">: Realitzarem una avaluaci\u00f3 exhaustiva del teu terreny i els teus objectius per determinar la millor ubicaci\u00f3 i disseny de les pantalles paravents.<\/span><\/li>\n<li class=\"MsoNormal\" style=\"text-align: justify; mso-list: l1 level1 lfo2; tab-stops: list 36.0pt;\"><b><span style=\"font-size: 12.0pt; line-height: 107%; mso-ansi-language: ES;\">Disseny Adaptat:<\/span><\/b><span style=\"font-size: 12.0pt; line-height: 107%; mso-ansi-language: ES;\"> Els nostres experts dissenyaran un sistema de pantalles paravents que s&#8217;adapti perfectament a la teva topografia, tipus de cultiu i condicions clim\u00e0tiques locals.<\/span><\/li>\n<li class=\"MsoNormal\" style=\"text-align: justify; mso-list: l1 level1 lfo2; tab-stops: list 36.0pt;\"><b><span style=\"font-size: 12.0pt; line-height: 107%; mso-ansi-language: ES;\">Selecci\u00f3 de Materials de Qualitat:<\/span><\/b><span style=\"font-size: 12.0pt; line-height: 107%; mso-ansi-language: ES;\"> Utilitzem materials d&#8217;alta qualitat que garanteixen la durabilitat i efic\u00e0cia a llarg termini de les pantalles paravents.<\/span><\/li>\n<li class=\"MsoNormal\" style=\"text-align: justify; mso-list: l1 level1 lfo2; tab-stops: list 36.0pt;\"><b><span style=\"font-size: 12.0pt; line-height: 107%; mso-ansi-language: ES;\">Instal\u00b7laci\u00f3 Professional:<\/span><\/b><span style=\"font-size: 12.0pt; line-height: 107%; mso-ansi-language: ES;\">: El nostre equip altament capacitat s&#8217;encarregar\u00e0 de la instal\u00b7laci\u00f3 de les pantalles paravents de manera precisa i eficient, minimitzant qualsevol interrupci\u00f3 a la teva operaci\u00f3 agr\u00edcola.<\/span><\/li>\n<li class=\"MsoNormal\" style=\"text-align: justify; mso-list: l1 level1 lfo2; tab-stops: list 36.0pt;\"><b><span style=\"font-size: 12.0pt; line-height: 107%; mso-ansi-language: ES;\">Assessorament Continu:<\/span><\/b><span style=\"font-size: 12.0pt; line-height: 107%; mso-ansi-language: ES;\">: No ens aturem despr\u00e9s de la instal\u00b7laci\u00f3. Estem aqu\u00ed per proporcionar-te assessorament continu sobre el manteniment i ajustaments necessaris per garantir l&#8217;\u00f2ptim funcionament de les pantalles paravents.<\/span><\/li>\n<\/ol>\n<p class=\"MsoNormal\" style=\"text-align: justify;\"><span style=\"font-size: 12.0pt; line-height: 107%; mso-ansi-language: ES;\">Confia en EVOLYA per oferir solucions de protecci\u00f3 de cultius d&#8217;avantguarda i una instal\u00b7laci\u00f3 personalitzada que protegir\u00e0 les teves inversions agr\u00edcoles i optimitzar\u00e0 el teu rendiment. Junts podem crear un entorn ideal perqu\u00e8 els teus cultius prosperin, sense importar les condicions clim\u00e0tiques. Contacta&#8217;ns avui mateix per comen\u00e7ar a protegir i millorar els teus cultius amb les nostres solucions personalitzades!<\/span><\/p>\n<p><strong>\u00a0<\/strong><\/p>\n<p><strong>Parlem?<br \/>\n <\/strong><\/p>\n<p><a href=\"mailto:evolya@evolya.com\">evolya@evolya.com<\/a><\/p>\n<p>+34 973 751 800<\/p>\n<p><strong>\u00a0<\/strong><\/p>\n\t\t\t\t\t\t\t\t<\/div>\n\t\t\t\t<\/div>\n\t\t\t\t\t<\/div>\n\t\t<\/div>\n\t\t\t\t\t<\/div>\n\t\t<\/section>\n\t\t\t\t<\/div>\n\t\t","protected":false},"excerpt":{"rendered":"<p>Protegint els teus Cultius del Vent amb Pantalles Tallavents Quan es tracta de lagricultura, el vent pot ser tant un aliat com un enemic. Encara que \u00e9s essencial per a la pol\u00b7linitzaci\u00f3 i la ventilaci\u00f3 dels cultius, el vent fort pot causar estralls a la teva plantaci\u00f3. Els vents forts poden dessecar el terra, trencar [&hellip;]<\/p>\n","protected":false},"author":1,"featured_media":6313,"comment_status":"closed","ping_status":"closed","sticky":false,"template":"elementor_header_footer","format":"standard","meta":{"footnotes":""},"categories":[9],"tags":[],"class_list":["post-6327","post","type-post","status-publish","format-standard","has-post-thumbnail","hentry","category-uncategorized-ca"],"yoast_head":"<!-- This site is optimized with the Yoast SEO plugin v24.3 - https:\/\/yoast.com\/wordpress\/plugins\/seo\/ -->\n<title>EL VENT POT SER TANT EL TEU ALIAT COM UN ENEMIC. - Evolya<\/title>\n<meta name=\"robots\" content=\"index, follow, max-snippet:-1, max-image-preview:large, max-video-preview:-1\" \/>\n<link rel=\"canonical\" href=\"https:\/\/evolya.com\/sin-categorizar\/el-viento-puede-ser-tanto-tu-aliado-como-un-enemigo\/\" \/>\n<meta property=\"og:locale\" content=\"ca_ES\" \/>\n<meta property=\"og:type\" content=\"article\" \/>\n<meta property=\"og:title\" content=\"EL VENT POT SER TANT EL TEU ALIAT COM UN ENEMIC. - Evolya\" \/>\n<meta property=\"og:description\" content=\"Protegint els teus Cultius del Vent amb Pantalles Tallavents Quan es tracta de lagricultura, el vent pot ser tant un aliat com un enemic. Encara que \u00e9s essencial per a la pol\u00b7linitzaci\u00f3 i la ventilaci\u00f3 dels cultius, el vent fort pot causar estralls a la teva plantaci\u00f3. Els vents forts poden dessecar el terra, trencar [&hellip;]\" \/>\n<meta property=\"og:url\" content=\"https:\/\/evolya.com\/sin-categorizar\/el-viento-puede-ser-tanto-tu-aliado-como-un-enemigo\/\" \/>\n<meta property=\"og:site_name\" content=\"Evolya\" \/>\n<meta property=\"article:published_time\" content=\"2023-07-13T07:53:34+00:00\" \/>\n<meta property=\"article:modified_time\" content=\"2024-01-11T11:17:26+00:00\" \/>\n<meta property=\"og:image\" content=\"https:\/\/evolya.com\/wp-content\/uploads\/Diseno-sin-titulo-18-1024x576.png\" \/>\n\t<meta property=\"og:image:width\" content=\"1024\" \/>\n\t<meta property=\"og:image:height\" content=\"576\" \/>\n\t<meta property=\"og:image:type\" content=\"image\/png\" \/>\n<meta name=\"author\" content=\"wp_user_evolya\" \/>\n<meta name=\"twitter:card\" content=\"summary_large_image\" \/>\n<meta name=\"twitter:label1\" content=\"Escrit per\" \/>\n\t<meta name=\"twitter:data1\" content=\"wp_user_evolya\" \/>\n\t<meta name=\"twitter:label2\" content=\"Temps estimat de lectura\" \/>\n\t<meta name=\"twitter:data2\" content=\"3 minuts\" \/>\n<script type=\"application\/ld+json\" class=\"yoast-schema-graph\">{\"@context\":\"https:\/\/schema.org\",\"@graph\":[{\"@type\":\"Article\",\"@id\":\"https:\/\/evolya.com\/sin-categorizar\/el-viento-puede-ser-tanto-tu-aliado-como-un-enemigo\/#article\",\"isPartOf\":{\"@id\":\"https:\/\/evolya.com\/sin-categorizar\/el-viento-puede-ser-tanto-tu-aliado-como-un-enemigo\/\"},\"author\":{\"name\":\"wp_user_evolya\",\"@id\":\"https:\/\/evolya.com\/#\/schema\/person\/e1b046e666b233b8e7415d19eaa0c305\"},\"headline\":\"EL VENT POT SER TANT EL TEU ALIAT COM UN ENEMIC.\",\"datePublished\":\"2023-07-13T07:53:34+00:00\",\"dateModified\":\"2024-01-11T11:17:26+00:00\",\"mainEntityOfPage\":{\"@id\":\"https:\/\/evolya.com\/sin-categorizar\/el-viento-puede-ser-tanto-tu-aliado-como-un-enemigo\/\"},\"wordCount\":668,\"publisher\":{\"@id\":\"https:\/\/evolya.com\/#organization\"},\"image\":{\"@id\":\"https:\/\/evolya.com\/sin-categorizar\/el-viento-puede-ser-tanto-tu-aliado-como-un-enemigo\/#primaryimage\"},\"thumbnailUrl\":\"https:\/\/evolya.com\/wp-content\/uploads\/Diseno-sin-titulo-18.png\",\"articleSection\":[\"Uncategorized @ca\"],\"inLanguage\":\"ca\"},{\"@type\":\"WebPage\",\"@id\":\"https:\/\/evolya.com\/sin-categorizar\/el-viento-puede-ser-tanto-tu-aliado-como-un-enemigo\/\",\"url\":\"https:\/\/evolya.com\/sin-categorizar\/el-viento-puede-ser-tanto-tu-aliado-como-un-enemigo\/\",\"name\":\"EL VENT POT SER TANT EL TEU ALIAT COM UN ENEMIC. - Evolya\",\"isPartOf\":{\"@id\":\"https:\/\/evolya.com\/#website\"},\"primaryImageOfPage\":{\"@id\":\"https:\/\/evolya.com\/sin-categorizar\/el-viento-puede-ser-tanto-tu-aliado-como-un-enemigo\/#primaryimage\"},\"image\":{\"@id\":\"https:\/\/evolya.com\/sin-categorizar\/el-viento-puede-ser-tanto-tu-aliado-como-un-enemigo\/#primaryimage\"},\"thumbnailUrl\":\"https:\/\/evolya.com\/wp-content\/uploads\/Diseno-sin-titulo-18.png\",\"datePublished\":\"2023-07-13T07:53:34+00:00\",\"dateModified\":\"2024-01-11T11:17:26+00:00\",\"breadcrumb\":{\"@id\":\"https:\/\/evolya.com\/sin-categorizar\/el-viento-puede-ser-tanto-tu-aliado-como-un-enemigo\/#breadcrumb\"},\"inLanguage\":\"ca\",\"potentialAction\":[{\"@type\":\"ReadAction\",\"target\":[\"https:\/\/evolya.com\/sin-categorizar\/el-viento-puede-ser-tanto-tu-aliado-como-un-enemigo\/\"]}]},{\"@type\":\"ImageObject\",\"inLanguage\":\"ca\",\"@id\":\"https:\/\/evolya.com\/sin-categorizar\/el-viento-puede-ser-tanto-tu-aliado-como-un-enemigo\/#primaryimage\",\"url\":\"https:\/\/evolya.com\/wp-content\/uploads\/Diseno-sin-titulo-18.png\",\"contentUrl\":\"https:\/\/evolya.com\/wp-content\/uploads\/Diseno-sin-titulo-18.png\",\"width\":1920,\"height\":1080},{\"@type\":\"BreadcrumbList\",\"@id\":\"https:\/\/evolya.com\/sin-categorizar\/el-viento-puede-ser-tanto-tu-aliado-como-un-enemigo\/#breadcrumb\",\"itemListElement\":[{\"@type\":\"ListItem\",\"position\":1,\"name\":\"Portada\",\"item\":\"https:\/\/evolya.com\/error-404\/\"},{\"@type\":\"ListItem\",\"position\":2,\"name\":\"EL VENT POT SER TANT EL TEU ALIAT COM UN ENEMIC.\"}]},{\"@type\":\"WebSite\",\"@id\":\"https:\/\/evolya.com\/#website\",\"url\":\"https:\/\/evolya.com\/\",\"name\":\"Evolya\",\"description\":\"Evoluci\u00f3n y agricultura\",\"publisher\":{\"@id\":\"https:\/\/evolya.com\/#organization\"},\"potentialAction\":[{\"@type\":\"SearchAction\",\"target\":{\"@type\":\"EntryPoint\",\"urlTemplate\":\"https:\/\/evolya.com\/?s={search_term_string}\"},\"query-input\":{\"@type\":\"PropertyValueSpecification\",\"valueRequired\":true,\"valueName\":\"search_term_string\"}}],\"inLanguage\":\"ca\"},{\"@type\":\"Organization\",\"@id\":\"https:\/\/evolya.com\/#organization\",\"name\":\"Evolya\",\"url\":\"https:\/\/evolya.com\/\",\"logo\":{\"@type\":\"ImageObject\",\"inLanguage\":\"ca\",\"@id\":\"https:\/\/evolya.com\/#\/schema\/logo\/image\/\",\"url\":\"https:\/\/evolya.com\/wp-content\/uploads\/logo-header.jpg\",\"contentUrl\":\"https:\/\/evolya.com\/wp-content\/uploads\/logo-header.jpg\",\"width\":186,\"height\":58,\"caption\":\"Evolya\"},\"image\":{\"@id\":\"https:\/\/evolya.com\/#\/schema\/logo\/image\/\"}},{\"@type\":\"Person\",\"@id\":\"https:\/\/evolya.com\/#\/schema\/person\/e1b046e666b233b8e7415d19eaa0c305\",\"name\":\"wp_user_evolya\",\"image\":{\"@type\":\"ImageObject\",\"inLanguage\":\"ca\",\"@id\":\"https:\/\/evolya.com\/#\/schema\/person\/image\/\",\"url\":\"https:\/\/secure.gravatar.com\/avatar\/aef86abf812645846e7e78f3258d7ea2d4e6e42d470aa2c868b79ba49f94b1e1?s=96&d=mm&r=g\",\"contentUrl\":\"https:\/\/secure.gravatar.com\/avatar\/aef86abf812645846e7e78f3258d7ea2d4e6e42d470aa2c868b79ba49f94b1e1?s=96&d=mm&r=g\",\"caption\":\"wp_user_evolya\"},\"sameAs\":[\"http:\/\/dmn139.ipmarketing.grn.es\"]}]}<\/script>\n<!-- \/ Yoast SEO plugin. -->","yoast_head_json":{"title":"EL VENT POT SER TANT EL TEU ALIAT COM UN ENEMIC. - Evolya","robots":{"index":"index","follow":"follow","max-snippet":"max-snippet:-1","max-image-preview":"max-image-preview:large","max-video-preview":"max-video-preview:-1"},"canonical":"https:\/\/evolya.com\/sin-categorizar\/el-viento-puede-ser-tanto-tu-aliado-como-un-enemigo\/","og_locale":"ca_ES","og_type":"article","og_title":"EL VENT POT SER TANT EL TEU ALIAT COM UN ENEMIC. - Evolya","og_description":"Protegint els teus Cultius del Vent amb Pantalles Tallavents Quan es tracta de lagricultura, el vent pot ser tant un aliat com un enemic. Encara que \u00e9s essencial per a la pol\u00b7linitzaci\u00f3 i la ventilaci\u00f3 dels cultius, el vent fort pot causar estralls a la teva plantaci\u00f3. Els vents forts poden dessecar el terra, trencar [&hellip;]","og_url":"https:\/\/evolya.com\/sin-categorizar\/el-viento-puede-ser-tanto-tu-aliado-como-un-enemigo\/","og_site_name":"Evolya","article_published_time":"2023-07-13T07:53:34+00:00","article_modified_time":"2024-01-11T11:17:26+00:00","og_image":[{"width":1024,"height":576,"url":"https:\/\/evolya.com\/wp-content\/uploads\/Diseno-sin-titulo-18-1024x576.png","type":"image\/png"}],"author":"wp_user_evolya","twitter_card":"summary_large_image","twitter_misc":{"Escrit per":"wp_user_evolya","Temps estimat de lectura":"3 minuts"},"schema":{"@context":"https:\/\/schema.org","@graph":[{"@type":"Article","@id":"https:\/\/evolya.com\/sin-categorizar\/el-viento-puede-ser-tanto-tu-aliado-como-un-enemigo\/#article","isPartOf":{"@id":"https:\/\/evolya.com\/sin-categorizar\/el-viento-puede-ser-tanto-tu-aliado-como-un-enemigo\/"},"author":{"name":"wp_user_evolya","@id":"https:\/\/evolya.com\/#\/schema\/person\/e1b046e666b233b8e7415d19eaa0c305"},"headline":"EL VENT POT SER TANT EL TEU ALIAT COM UN ENEMIC.","datePublished":"2023-07-13T07:53:34+00:00","dateModified":"2024-01-11T11:17:26+00:00","mainEntityOfPage":{"@id":"https:\/\/evolya.com\/sin-categorizar\/el-viento-puede-ser-tanto-tu-aliado-como-un-enemigo\/"},"wordCount":668,"publisher":{"@id":"https:\/\/evolya.com\/#organization"},"image":{"@id":"https:\/\/evolya.com\/sin-categorizar\/el-viento-puede-ser-tanto-tu-aliado-como-un-enemigo\/#primaryimage"},"thumbnailUrl":"https:\/\/evolya.com\/wp-content\/uploads\/Diseno-sin-titulo-18.png","articleSection":["Uncategorized @ca"],"inLanguage":"ca"},{"@type":"WebPage","@id":"https:\/\/evolya.com\/sin-categorizar\/el-viento-puede-ser-tanto-tu-aliado-como-un-enemigo\/","url":"https:\/\/evolya.com\/sin-categorizar\/el-viento-puede-ser-tanto-tu-aliado-como-un-enemigo\/","name":"EL VENT POT SER TANT EL TEU ALIAT COM UN ENEMIC. - Evolya","isPartOf":{"@id":"https:\/\/evolya.com\/#website"},"primaryImageOfPage":{"@id":"https:\/\/evolya.com\/sin-categorizar\/el-viento-puede-ser-tanto-tu-aliado-como-un-enemigo\/#primaryimage"},"image":{"@id":"https:\/\/evolya.com\/sin-categorizar\/el-viento-puede-ser-tanto-tu-aliado-como-un-enemigo\/#primaryimage"},"thumbnailUrl":"https:\/\/evolya.com\/wp-content\/uploads\/Diseno-sin-titulo-18.png","datePublished":"2023-07-13T07:53:34+00:00","dateModified":"2024-01-11T11:17:26+00:00","breadcrumb":{"@id":"https:\/\/evolya.com\/sin-categorizar\/el-viento-puede-ser-tanto-tu-aliado-como-un-enemigo\/#breadcrumb"},"inLanguage":"ca","potentialAction":[{"@type":"ReadAction","target":["https:\/\/evolya.com\/sin-categorizar\/el-viento-puede-ser-tanto-tu-aliado-como-un-enemigo\/"]}]},{"@type":"ImageObject","inLanguage":"ca","@id":"https:\/\/evolya.com\/sin-categorizar\/el-viento-puede-ser-tanto-tu-aliado-como-un-enemigo\/#primaryimage","url":"https:\/\/evolya.com\/wp-content\/uploads\/Diseno-sin-titulo-18.png","contentUrl":"https:\/\/evolya.com\/wp-content\/uploads\/Diseno-sin-titulo-18.png","width":1920,"height":1080},{"@type":"BreadcrumbList","@id":"https:\/\/evolya.com\/sin-categorizar\/el-viento-puede-ser-tanto-tu-aliado-como-un-enemigo\/#breadcrumb","itemListElement":[{"@type":"ListItem","position":1,"name":"Portada","item":"https:\/\/evolya.com\/error-404\/"},{"@type":"ListItem","position":2,"name":"EL VENT POT SER TANT EL TEU ALIAT COM UN ENEMIC."}]},{"@type":"WebSite","@id":"https:\/\/evolya.com\/#website","url":"https:\/\/evolya.com\/","name":"Evolya","description":"Evoluci\u00f3n y agricultura","publisher":{"@id":"https:\/\/evolya.com\/#organization"},"potentialAction":[{"@type":"SearchAction","target":{"@type":"EntryPoint","urlTemplate":"https:\/\/evolya.com\/?s={search_term_string}"},"query-input":{"@type":"PropertyValueSpecification","valueRequired":true,"valueName":"search_term_string"}}],"inLanguage":"ca"},{"@type":"Organization","@id":"https:\/\/evolya.com\/#organization","name":"Evolya","url":"https:\/\/evolya.com\/","logo":{"@type":"ImageObject","inLanguage":"ca","@id":"https:\/\/evolya.com\/#\/schema\/logo\/image\/","url":"https:\/\/evolya.com\/wp-content\/uploads\/logo-header.jpg","contentUrl":"https:\/\/evolya.com\/wp-content\/uploads\/logo-header.jpg","width":186,"height":58,"caption":"Evolya"},"image":{"@id":"https:\/\/evolya.com\/#\/schema\/logo\/image\/"}},{"@type":"Person","@id":"https:\/\/evolya.com\/#\/schema\/person\/e1b046e666b233b8e7415d19eaa0c305","name":"wp_user_evolya","image":{"@type":"ImageObject","inLanguage":"ca","@id":"https:\/\/evolya.com\/#\/schema\/person\/image\/","url":"https:\/\/secure.gravatar.com\/avatar\/aef86abf812645846e7e78f3258d7ea2d4e6e42d470aa2c868b79ba49f94b1e1?s=96&d=mm&r=g","contentUrl":"https:\/\/secure.gravatar.com\/avatar\/aef86abf812645846e7e78f3258d7ea2d4e6e42d470aa2c868b79ba49f94b1e1?s=96&d=mm&r=g","caption":"wp_user_evolya"},"sameAs":["http:\/\/dmn139.ipmarketing.grn.es"]}]}},"_links":{"self":[{"href":"https:\/\/evolya.com\/ca\/wp-json\/wp\/v2\/posts\/6327","targetHints":{"allow":["GET"]}}],"collection":[{"href":"https:\/\/evolya.com\/ca\/wp-json\/wp\/v2\/posts"}],"about":[{"href":"https:\/\/evolya.com\/ca\/wp-json\/wp\/v2\/types\/post"}],"author":[{"embeddable":true,"href":"https:\/\/evolya.com\/ca\/wp-json\/wp\/v2\/users\/1"}],"replies":[{"embeddable":true,"href":"https:\/\/evolya.com\/ca\/wp-json\/wp\/v2\/comments?post=6327"}],"version-history":[{"count":0,"href":"https:\/\/evolya.com\/ca\/wp-json\/wp\/v2\/posts\/6327\/revisions"}],"wp:featuredmedia":[{"embeddable":true,"href":"https:\/\/evolya.com\/ca\/wp-json\/wp\/v2\/media\/6313"}],"wp:attachment":[{"href":"https:\/\/evolya.com\/ca\/wp-json\/wp\/v2\/media?parent=6327"}],"wp:term":[{"taxonomy":"category","embeddable":true,"href":"https:\/\/evolya.com\/ca\/wp-json\/wp\/v2\/categories?post=6327"},{"taxonomy":"post_tag","embeddable":true,"href":"https:\/\/evolya.com\/ca\/wp-json\/wp\/v2\/tags?post=6327"}],"curies":[{"name":"wp","href":"https:\/\/api.w.org\/{rel}","templated":true}]}}